{"id":717,"date":"2024-07-19T23:34:05","date_gmt":"2024-07-19T23:34:05","guid":{"rendered":"https:\/\/krakowskieneony.pl\/?p=717"},"modified":"2025-02-24T00:01:55","modified_gmt":"2025-02-24T00:01:55","slug":"zagadkowy-neon-wawel","status":"publish","type":"post","link":"https:\/\/krakowskieneony.pl\/index.php\/2024\/07\/19\/zagadkowy-neon-wawel\/","title":{"rendered":"Zagadkowy krakowski neon z 1970 roku"},"content":{"rendered":"\n<p>Krakowskie neony cho\u0107 by\u0142o ich co najmniej kilkaset, kryj\u0105 wiele tajemnic i tylko cz\u0119\u015b\u0107 z nich znana jest cho\u0107by z dobrej fotografii. Zagadkowy, nieznany wcze\u015bniej, kolorowy neon &#8222;Wawel&#8221; pojawia si\u0119 na sekund\u0119-dwie w dokumentalno-rozrywkowym filmie produkcji NRD pt. &#8222;Schlager einer gro\u00dfen Stadt: Krakau&#8221;. Zrealizowany by\u0142 w ca\u0142o\u015bci w Krakowie w roku 1970, trwa oko\u0142o godziny.  W ko\u0144cowej scenie pojawia si\u0119 kilka krakowskich neon\u00f3w sfilmowanych noc\u0105. Jednym z nich jest neon Wawel, na kadrze wida\u0107 nazw\u0119 tego znanego i cenionego do dzi\u015b krakowskiego producenta s\u0142odyczy, \u015bwieci tr\u00f3jk\u0105tny r\u00f3\u017cowy znaczek z jedynk\u0105 wewn\u0105trz (charakterystyczne w czaszach PRL oznaczenie produkt\u00f3w o wysokiej jako\u015bci) oraz dwa stylizowane cukierki.<\/p>\n\n\n\n<figure class=\"wp-block-image size-large\"><img fetchpriority=\"high\" decoding=\"async\" width=\"1024\" height=\"760\" src=\"https:\/\/krakowskieneony.pl\/wp-content\/uploads\/2024\/07\/Wawel_-1024x760.jpg\" alt=\"Krakowskie neony\" class=\"wp-image-719\" title=\"\" srcset=\"https:\/\/krakowskieneony.pl\/wp-content\/uploads\/2024\/07\/Wawel_-1024x760.jpg 1024w, https:\/\/krakowskieneony.pl\/wp-content\/uploads\/2024\/07\/Wawel_-300x223.jpg 300w, https:\/\/krakowskieneony.pl\/wp-content\/uploads\/2024\/07\/Wawel_-768x570.jpg 768w, https:\/\/krakowskieneony.pl\/wp-content\/uploads\/2024\/07\/Wawel_.jpg 1031w\" sizes=\"(max-width: 1024px) 100vw, 1024px\" \/><\/figure>\n\n\n\n<p>Firma Wawel powsta\u0142a w oparciu o trzy firmy prywatne poprzez ich upa\u0144stwowienie w roku 1951. By\u0142y to:<a href=\"https:\/\/pl.wikipedia.org\/wiki\/Adam_Piasecki_(przemys%C5%82owiec)\" data-type=\"link\" data-id=\"https:\/\/pl.wikipedia.org\/wiki\/Adam_Piasecki_(przemys%C5%82owiec)\" target=\"_blank\" rel=\"noopener\"> &#8222;A. Piasecki&#8221;<\/a> &#8211; ul. Wroc\u0142awska, <a href=\"https:\/\/en.wikipedia.org\/wiki\/Chocolat_Suchard\" data-type=\"link\" data-id=\"https:\/\/en.wikipedia.org\/wiki\/Chocolat_Suchard\" target=\"_blank\" rel=\"noopener\">&#8222;Suchard&#8221;<\/a> &#8211; ul. Rze\u017anicza i<a href=\"https:\/\/en.wikipedia.org\/wiki\/Oskar_Pischinger\" data-type=\"link\" data-id=\"https:\/\/en.wikipedia.org\/wiki\/Oskar_Pischinger\" target=\"_blank\" rel=\"noopener\"> &#8222;Pischinger&#8221; <\/a>&#8211; na Zab\u0142ociu. W budynkach tych &#8222;Wawel&#8221; prowadzi\u0142 produkcj\u0119 s\u0142odyczy chyba do ko\u0144ca dzia\u0142alno\u015bci w Krakowie i wyprowadzeniu si\u0119 do Dobczyc w 2006 roku.<\/p>\n\n\n\n<p>O neonie tym nic wi\u0119cej nie wiadomo. Z pewno\u015bci\u0105 jest z Krakowa, cho\u0107 podobno Wawel montowa\u0142 te\u017c swoje neony na sklepach firmowych w innych du\u017cych miastach w Polsce, np. w Warszawie. Mo\u017ce zamontowany by\u0142 na kt\u00f3rym\u015b z zak\u0142ad\u00f3w produkcyjnych lub w ca\u0142kiem innym miejscu, np. nad kt\u00f3rym\u015b ze sklep\u00f3w delikatesowych sprzedaj\u0105cych s\u0142odycze. P\u00f3ki co nie uda\u0142o si\u0119 trafi\u0107 na fotografi\u0119 lub np. wzmiank\u0119 prasow\u0105 na ten temat. Nie ma te\u017c relacji ustnych, kt\u00f3re by podpowiedzia\u0142y ulokowanie tego neonu. <\/p>\n\n\n\n<div class=\"root-eb-post-meta-6rxyo wp-block-essential-blocks-post-meta\">\n    <div class=\"eb-parent-wrapper eb-parent-eb-post-meta-6rxyo\">\n        <div class=\"eb-post-meta-6rxyo eb-post-meta-wrapper\"\n            data-id=\"eb-post-meta-6rxyo\">\n            <div class=\"eb-post-metadata eb-post-meta-inline\">\n                                    <!-- Inline layout: Render items in sorted order -->\n                                        <div class=\"eb-post-metadata-item eb-post-metadata-author eb-author-inline-layout\">\n                        <i class=\"far fa-circle-user eb-post-metadata-icon\"><\/i>                                                                            <span class=\"eb-post-metadata-label\">Author: <\/span>\n                                                <a href=\"https:\/\/krakowskieneony.pl\/author\/admin\/\"><span class=\"eb-post-metadata-value\">Merkury<\/span><\/a>\n                    <\/div>\n                                    <div class=\"eb-post-metadata-item eb-post-metadata-date\">\n                        <i class=\"far fa-calendar-days eb-post-metadata-icon\"><\/i>                                                    <span class=\"eb-post-metadata-label\">Published Date: <\/span>\n                                                <span class=\"eb-post-metadata-value\">2024-07-19<\/span>\n                    <\/div>\n                                            <\/div>\n        <\/div>\n    <\/div>\n<\/div>\n\n\n<hr class=\"wp-block-separator has-alpha-channel-opacity\"\/>\n","protected":false},"excerpt":{"rendered":"<p>Krakowskie neony cho\u0107 by\u0142o ich co najmniej kilkaset, kryj\u0105 wiele tajemnic i tylko cz\u0119\u015b\u0107 z nich znana jest cho\u0107by z dobrej fotografii. Zagadkowy, nieznany wcze\u015bniej, kolorowy neon &#8222;Wawel&#8221; pojawia si\u0119 na sekund\u0119-dwie w dokumentalno-rozrywkowym filmie produkcji NRD pt. &#8222;Schlager einer &hellip; <a href=\"https:\/\/krakowskieneony.pl\/index.php\/2024\/07\/19\/zagadkowy-neon-wawel\/\">Czytaj dalej <span class=\"meta-nav\">&rarr;<\/span><\/a><\/p>\n","protected":false},"author":1,"featured_media":719,"comment_status":"open","ping_status":"open","sticky":false,"template":"","format":"standard","meta":{"_eb_attr":"","ngg_post_thumbnail":0,"footnotes":""},"categories":[47,48],"tags":[24,7,57],"class_list":["post-717","post","type-post","status-publish","format-standard","has-post-thumbnail","hentry","category-historia-krakowski-neonow","category-neony-w-kulturze","tag-neonizacja-krakowa","tag-neony-prl","tag-wawel"],"_links":{"self":[{"href":"https:\/\/krakowskieneony.pl\/index.php\/wp-json\/wp\/v2\/posts\/717","targetHints":{"allow":["GET"]}}],"collection":[{"href":"https:\/\/krakowskieneony.pl\/index.php\/wp-json\/wp\/v2\/posts"}],"about":[{"href":"https:\/\/krakowskieneony.pl\/index.php\/wp-json\/wp\/v2\/types\/post"}],"author":[{"embeddable":true,"href":"https:\/\/krakowskieneony.pl\/index.php\/wp-json\/wp\/v2\/users\/1"}],"replies":[{"embeddable":true,"href":"https:\/\/krakowskieneony.pl\/index.php\/wp-json\/wp\/v2\/comments?post=717"}],"version-history":[{"count":5,"href":"https:\/\/krakowskieneony.pl\/index.php\/wp-json\/wp\/v2\/posts\/717\/revisions"}],"predecessor-version":[{"id":795,"href":"https:\/\/krakowskieneony.pl\/index.php\/wp-json\/wp\/v2\/posts\/717\/revisions\/795"}],"wp:featuredmedia":[{"embeddable":true,"href":"https:\/\/krakowskieneony.pl\/index.php\/wp-json\/wp\/v2\/media\/719"}],"wp:attachment":[{"href":"https:\/\/krakowskieneony.pl\/index.php\/wp-json\/wp\/v2\/media?parent=717"}],"wp:term":[{"taxonomy":"category","embeddable":true,"href":"https:\/\/krakowskieneony.pl\/index.php\/wp-json\/wp\/v2\/categories?post=717"},{"taxonomy":"post_tag","embeddable":true,"href":"https:\/\/krakowskieneony.pl\/index.php\/wp-json\/wp\/v2\/tags?post=717"}],"curies":[{"name":"wp","href":"https:\/\/api.w.org\/{rel}","templated":true}]}}